{"id":1119,"date":"2018-10-08T11:59:30","date_gmt":"2018-10-08T14:59:30","guid":{"rendered":"https:\/\/cgilardi-cba.infd.edu.ar\/sitio\/?p=1119"},"modified":"2018-10-08T14:08:57","modified_gmt":"2018-10-08T17:08:57","slug":"preinscripciones-2019","status":"publish","type":"post","link":"https:\/\/cgilardi-cba.infd.edu.ar\/sitio\/preinscripciones-2019\/","title":{"rendered":"Preinscripciones 2019"},"content":{"rendered":"<p><a href=\"https:\/\/cgilardi-cba.infd.edu.ar\/sitio\/wp-content\/uploads\/2018\/10\/GACETILLA.doc\"><img decoding=\"async\" loading=\"lazy\" class=\"wp-image-1124 alignright\" src=\"https:\/\/cgilardi-cba.infd.edu.ar\/sitio\/wp-content\/uploads\/2018\/10\/Fotomontaje_Conservatorio_2014-1000x741.jpg\" alt=\"\" width=\"563\" height=\"417\" srcset=\"https:\/\/cgilardi-cba.infd.edu.ar\/sitio\/wp-content\/uploads\/2018\/10\/Fotomontaje_Conservatorio_2014-1000x741.jpg 1000w, https:\/\/cgilardi-cba.infd.edu.ar\/sitio\/wp-content\/uploads\/2018\/10\/Fotomontaje_Conservatorio_2014-768x569.jpg 768w, https:\/\/cgilardi-cba.infd.edu.ar\/sitio\/wp-content\/uploads\/2018\/10\/Fotomontaje_Conservatorio_2014.jpg 1311w\" sizes=\"(max-width: 563px) 100vw, 563px\" \/>GACETILLA<\/a><\/p>\n<h1 class=\"western\" lang=\"es-ES\"><span style=\"font-size: small;\"><span style=\"font-family: Arial, sans-serif;\"><span style=\"font-size: medium;\"><strong>El Conservatorio Superior de M\u00fasica \u201cGilardo Gilardi\u201d de la ciudad de Bell Ville<\/strong> informa <\/span><\/span><\/span><span style=\"font-size: small;\"><span style=\"font-family: Arial, sans-serif;\"><span style=\"font-size: medium;\">que se encuentran abiertas las inscripciones para el a\u00f1o lectivo <\/span><\/span><span style=\"font-family: Arial, sans-serif;\"><span style=\"font-size: medium;\"><b>2019 <\/b>en:<\/span><\/span><\/span><\/h1>\n<p class=\"western\" lang=\"es-ES\"><span style=\"font-size: small;\"><span style=\"font-family: Arial, sans-serif; color: #ff6600;\"><span style=\"font-size: medium;\"><strong>Ciclo Art\u00edstico Vocacional Infantil<\/strong> <\/span><\/span><\/span><\/p>\n<p class=\"western\" lang=\"es-ES\"><span style=\"font-size: small;\"><span style=\"font-family: Arial, sans-serif; color: #ff6600;\"><span style=\"font-size: medium;\"><b>De 8 a 11 a\u00f1os.<\/b><\/span><\/span><\/span><\/p>\n<h2 class=\"western\" lang=\"es-ES\"><span style=\"font-size: small; color: #ff6600;\"><span style=\"font-family: Arial, sans-serif;\"><span style=\"font-size: medium;\"><b>Ciclo Art\u00edstico Vocacional instrumento<\/b><\/span><\/span><\/span><\/h2>\n<p>&nbsp;<\/p>\n<p>&nbsp;<\/p>\n<p>&nbsp;<\/p>\n<p>&nbsp;<\/p>\n<ul>\n<li class=\"western\" lang=\"es-ES\"><span style=\"font-size: small; color: #ff6600;\"><span style=\"font-family: Arial, sans-serif;\"><span style=\"font-size: medium;\"><b> Piano<\/b><\/span><\/span><\/span><span style=\"font-size: small; color: #ff6600;\"><span style=\"font-family: Arial, sans-serif;\"><span style=\"font-size: medium;\"><b> <img decoding=\"async\" loading=\"lazy\" class=\"aligncenter wp-image-1131\" src=\"https:\/\/cgilardi-cba.infd.edu.ar\/sitio\/wp-content\/uploads\/2018\/10\/22339178_1844015809244120_346936793439890066_o-1000x750.jpg\" alt=\"\" width=\"398\" height=\"298\" srcset=\"https:\/\/cgilardi-cba.infd.edu.ar\/sitio\/wp-content\/uploads\/2018\/10\/22339178_1844015809244120_346936793439890066_o-1000x750.jpg 1000w, https:\/\/cgilardi-cba.infd.edu.ar\/sitio\/wp-content\/uploads\/2018\/10\/22339178_1844015809244120_346936793439890066_o-768x576.jpg 768w, https:\/\/cgilardi-cba.infd.edu.ar\/sitio\/wp-content\/uploads\/2018\/10\/22339178_1844015809244120_346936793439890066_o.jpg 1280w\" sizes=\"(max-width: 398px) 100vw, 398px\" \/><br \/>\n<\/b><\/span><\/span><\/span><\/li>\n<\/ul>\n<p>&nbsp;<\/p>\n<p>&nbsp;<\/p>\n<ul>\n<li class=\"western\" lang=\"es-ES\"><span style=\"font-size: small; color: #ff6600;\"><span style=\"font-family: Arial, sans-serif;\"><span style=\"font-size: medium;\"><b>Guitarra <\/b><\/span><\/span><\/span><\/li>\n<\/ul>\n<p><span style=\"font-size: small; color: #ff6600;\"><span style=\"font-family: Arial, sans-serif;\"><span style=\"font-size: medium;\"><b><img decoding=\"async\" loading=\"lazy\" class=\"wp-image-1132 aligncenter\" src=\"https:\/\/cgilardi-cba.infd.edu.ar\/sitio\/wp-content\/uploads\/2018\/10\/30052393_1932627193716314_7405867510749730772_o-1000x563.jpg\" alt=\"\" width=\"544\" height=\"306\" srcset=\"https:\/\/cgilardi-cba.infd.edu.ar\/sitio\/wp-content\/uploads\/2018\/10\/30052393_1932627193716314_7405867510749730772_o-1000x563.jpg 1000w, https:\/\/cgilardi-cba.infd.edu.ar\/sitio\/wp-content\/uploads\/2018\/10\/30052393_1932627193716314_7405867510749730772_o-768x432.jpg 768w, https:\/\/cgilardi-cba.infd.edu.ar\/sitio\/wp-content\/uploads\/2018\/10\/30052393_1932627193716314_7405867510749730772_o.jpg 1280w\" sizes=\"(max-width: 544px) 100vw, 544px\" \/><\/b><\/span><\/span><\/span><\/p>\n<p>&nbsp;<\/p>\n<p>&nbsp;<\/p>\n<p>&nbsp;<\/p>\n<p>&nbsp;<\/p>\n<p>&nbsp;<\/p>\n<ul>\n<li class=\"western\" lang=\"es-ES\"><span style=\"font-size: small; color: #ff6600;\"><span style=\"font-family: Arial, sans-serif;\"><span style=\"font-size: medium;\"><b>Percusi\u00f3n <img decoding=\"async\" loading=\"lazy\" class=\"wp-image-1133 aligncenter\" src=\"https:\/\/cgilardi-cba.infd.edu.ar\/sitio\/wp-content\/uploads\/2018\/10\/19113549_1786220078357027_7332117520547302322_n.jpg\" alt=\"\" width=\"334\" height=\"222\" srcset=\"https:\/\/cgilardi-cba.infd.edu.ar\/sitio\/wp-content\/uploads\/2018\/10\/19113549_1786220078357027_7332117520547302322_n.jpg 960w, https:\/\/cgilardi-cba.infd.edu.ar\/sitio\/wp-content\/uploads\/2018\/10\/19113549_1786220078357027_7332117520547302322_n-768x510.jpg 768w\" sizes=\"(max-width: 334px) 100vw, 334px\" \/><\/b><\/span><\/span><\/span><\/li>\n<li class=\"western\" lang=\"es-ES\"><span style=\"font-size: small; color: #ff6600;\"><span style=\"font-family: Arial, sans-serif;\"><span style=\"font-size: medium;\"><b>Viol\u00edn <img decoding=\"async\" loading=\"lazy\" class=\"aligncenter wp-image-1134\" src=\"https:\/\/cgilardi-cba.infd.edu.ar\/sitio\/wp-content\/uploads\/2018\/10\/14138745_1637536559892047_2799623825505710678_o-1000x750.jpg\" alt=\"\" width=\"304\" height=\"228\" srcset=\"https:\/\/cgilardi-cba.infd.edu.ar\/sitio\/wp-content\/uploads\/2018\/10\/14138745_1637536559892047_2799623825505710678_o-1000x750.jpg 1000w, https:\/\/cgilardi-cba.infd.edu.ar\/sitio\/wp-content\/uploads\/2018\/10\/14138745_1637536559892047_2799623825505710678_o-768x576.jpg 768w, https:\/\/cgilardi-cba.infd.edu.ar\/sitio\/wp-content\/uploads\/2018\/10\/14138745_1637536559892047_2799623825505710678_o.jpg 1280w\" sizes=\"(max-width: 304px) 100vw, 304px\" \/><\/b><\/span><\/span><\/span><\/li>\n<li class=\"western\" lang=\"es-ES\"><span style=\"font-size: small; color: #ff6600;\"><span style=\"font-family: Arial, sans-serif;\"><span style=\"font-size: medium;\"><b>Violoncello <img decoding=\"async\" loading=\"lazy\" class=\"aligncenter wp-image-1135\" src=\"https:\/\/cgilardi-cba.infd.edu.ar\/sitio\/wp-content\/uploads\/2018\/10\/15219563_1678254839153552_8261991063757827995_n.jpg\" alt=\"\" width=\"399\" height=\"267\" srcset=\"https:\/\/cgilardi-cba.infd.edu.ar\/sitio\/wp-content\/uploads\/2018\/10\/15219563_1678254839153552_8261991063757827995_n.jpg 960w, https:\/\/cgilardi-cba.infd.edu.ar\/sitio\/wp-content\/uploads\/2018\/10\/15219563_1678254839153552_8261991063757827995_n-768x514.jpg 768w\" sizes=\"(max-width: 399px) 100vw, 399px\" \/><\/b><\/span><\/span><\/span><\/li>\n<li class=\"western\" lang=\"es-ES\"><span style=\"font-size: small; color: #ff6600;\"><span style=\"font-size: small; color: #ff6600;\"><span style=\"font-family: Arial, sans-serif;\"><span style=\"font-size: medium;\"><b>Saxo <img decoding=\"async\" loading=\"lazy\" class=\"aligncenter wp-image-1136\" src=\"https:\/\/cgilardi-cba.infd.edu.ar\/sitio\/wp-content\/uploads\/2018\/10\/14138076_1637536443225392_195097861862552325_o-1000x750.jpg\" alt=\"\" width=\"392\" height=\"294\" srcset=\"https:\/\/cgilardi-cba.infd.edu.ar\/sitio\/wp-content\/uploads\/2018\/10\/14138076_1637536443225392_195097861862552325_o-1000x750.jpg 1000w, https:\/\/cgilardi-cba.infd.edu.ar\/sitio\/wp-content\/uploads\/2018\/10\/14138076_1637536443225392_195097861862552325_o-768x576.jpg 768w, https:\/\/cgilardi-cba.infd.edu.ar\/sitio\/wp-content\/uploads\/2018\/10\/14138076_1637536443225392_195097861862552325_o.jpg 1280w\" sizes=\"(max-width: 392px) 100vw, 392px\" \/><\/b><\/span><\/span><\/span><\/span><\/li>\n<li class=\"western\" lang=\"es-ES\"><span style=\"font-size: small; color: #ff6600;\"><span style=\"font-family: Arial, sans-serif;\"><span style=\"font-size: medium;\"><b>Tromb\u00f3n<\/b><\/span><\/span><\/span><\/li>\n<\/ul>\n<p class=\"western\" lang=\"es-ES\"><span style=\"font-size: small; color: #ff6600;\"><span style=\"font-family: Arial, sans-serif;\"><span style=\"font-size: medium;\"><b>Ciclo Art\u00edstico Vocacional<\/b><\/span><\/span><\/span><\/p>\n<ul>\n<li class=\"western\" lang=\"es-ES\"><span style=\"font-size: small; color: #ff6600;\"><span style=\"font-family: Arial, sans-serif;\"><span style=\"font-size: medium;\"><b> Canto<\/b><\/span><\/span><\/span><\/li>\n<\/ul>\n<p class=\"western\" lang=\"es-ES\"><span style=\"font-size: small;\"><span style=\"font-family: Arial, sans-serif;\"><span style=\"font-size: medium;\"><strong><span style=\"color: #800080;\">Talleres:<\/span><\/strong> <\/span><\/span><\/span><\/p>\n<ul>\n<li class=\"western\" lang=\"es-ES\"><span style=\"font-size: small;\"><span style=\"font-family: Arial, sans-serif; color: #ff6600;\"><span style=\"font-size: medium;\"><b>Coro de Ni\u00f1os<\/b><\/span><\/span><\/span><\/li>\n<li class=\"western\" lang=\"es-ES\"><span style=\"font-family: Arial, sans-serif; color: #ff6600;\"><span style=\"font-size: medium;\"><b> Coro Institucional<\/b><\/span><\/span><\/li>\n<li class=\"western\" lang=\"es-ES\"><span style=\"font-family: Arial, sans-serif; color: #ff6600;\"><span style=\"font-size: medium;\"><b> Coro de Adultos Mayores<\/b><\/span><\/span><\/li>\n<li class=\"western\" lang=\"es-ES\"><span style=\"font-family: Arial, sans-serif; color: #ff6600;\"><span style=\"font-size: medium;\"><b> Taller de Percusi\u00f3n Latinoamericana<\/b><\/span><\/span><\/li>\n<li class=\"western\" lang=\"es-ES\"><span style=\"font-family: Arial, sans-serif; color: #ff6600;\"><span style=\"font-size: medium;\"><b> Taller de Expresi\u00f3n Musical (de 4 a 7 a\u00f1os)<\/b><\/span><\/span><\/li>\n<li class=\"western\" lang=\"es-ES\"><span style=\"font-family: Arial, sans-serif; color: #ff6600;\"><span style=\"font-size: medium;\"><b> Taller de M\u00fasica para personas con capacidades diferentes.<\/b><\/span><\/span><\/li>\n<\/ul>\n<p class=\"western\" lang=\"es-ES\" style=\"text-align: left;\"><span style=\"font-size: small; color: #800000;\"><span style=\"font-family: Arial, sans-serif;\"><span style=\"font-size: medium;\"><b>Nivel Superior:<\/b><\/span><\/span><\/span><\/p>\n<ul>\n<li class=\"western\" lang=\"es-ES\" style=\"text-align: left;\"><span style=\"font-size: small; color: #ff6600;\"><span style=\"font-family: Arial, sans-serif;\"><span style=\"font-size: medium;\"><b>Profesorado de M\u00fasica I.S.F.D.<br \/>\n<\/b><\/span><\/span><\/span><img decoding=\"async\" loading=\"lazy\" class=\"aligncenter size-medium wp-image-1128\" src=\"https:\/\/cgilardi-cba.infd.edu.ar\/sitio\/wp-content\/uploads\/2018\/10\/WhatsApp-Image-2018-10-08-at-13.00.02-707x1000.jpeg\" alt=\"\" width=\"707\" height=\"1000\" srcset=\"https:\/\/cgilardi-cba.infd.edu.ar\/sitio\/wp-content\/uploads\/2018\/10\/WhatsApp-Image-2018-10-08-at-13.00.02-707x1000.jpeg 707w, https:\/\/cgilardi-cba.infd.edu.ar\/sitio\/wp-content\/uploads\/2018\/10\/WhatsApp-Image-2018-10-08-at-13.00.02-768x1086.jpeg 768w, https:\/\/cgilardi-cba.infd.edu.ar\/sitio\/wp-content\/uploads\/2018\/10\/WhatsApp-Image-2018-10-08-at-13.00.02.jpeg 905w\" sizes=\"(max-width: 707px) 100vw, 707px\" \/><\/li>\n<\/ul>\n<p class=\"western\" lang=\"es-ES\"><span style=\"font-size: small; color: #993300;\"><span style=\"font-family: Arial, sans-serif;\"><span style=\"font-size: large;\"><u><b>Horarios y lugares de consulta:<\/b><\/u><\/span><\/span><\/span><\/p>\n<p class=\"western\" lang=\"es-ES\"><span style=\"font-family: Arial, sans-serif;\"><span style=\"font-size: medium;\">Avenida Faustino Molina esq. Intendenta M. Barcia de 7 a 22hs.<\/span><\/span><\/p>\n<p class=\"western\" lang=\"es-ES\"><span style=\"font-family: Arial, sans-serif;\"><span style=\"font-size: medium;\">Tel\u00e9fono 03537-421018.-<\/span><\/span><\/p>\n<p class=\"western\" lang=\"es-ES\"><span style=\"font-size: small;\"><span style=\"font-family: Arial, sans-serif;\"><span style=\"font-size: medium;\"> Tambi\u00e9n en los sitios de Facebook que dispone la instituci\u00f3n<\/span><\/span><\/span><\/p>\n<p class=\"western\" lang=\"es-ES\"><span style=\"font-size: small;\"><span style=\"color: #0000ff;\"><u><a href=\"https:\/\/www.facebook.com\/isfdconservatoriobellville\/\"><span style=\"font-family: Arial, sans-serif;\"><span style=\"font-size: medium;\">https:\/\/www.facebook.com\/isfdconservatoriobellville\/<\/span><\/span><\/a><\/u><\/span><span style=\"font-family: Arial, sans-serif;\"><span style=\"font-size: medium;\"> (ISFD, profesorado)<\/span><\/span><\/span><\/p>\n<p class=\"western\" lang=\"es-ES\"><span style=\"font-size: small;\"><span style=\"color: #0000ff;\"><u><a href=\"https:\/\/www.facebook.com\/conservatoriobellville\/\"><span style=\"font-family: Arial, sans-serif;\"><span style=\"font-size: medium;\">https:\/\/www.facebook.com\/conservatoriobellville\/<\/span><\/span><\/a><\/u><\/span><span style=\"font-family: Arial, sans-serif;\"><span style=\"font-size: medium;\"> (nivel inicial y medio)<\/span><\/span><\/span><\/p>\n<p class=\"western\" lang=\"es-ES\"><span style=\"font-family: Arial, sans-serif;\"><span style=\"font-size: medium;\">El sitio oficial de la instituci\u00f3n es<\/span><\/span><\/p>\n<p class=\"western\" lang=\"es-ES\"><span style=\"font-size: small;\"><span style=\"color: #0000ff;\"><u><a href=\"https:\/\/cgilardi-cba.infd.edu.ar\/sitio\/\"><span style=\"font-family: Arial, sans-serif;\"><span style=\"font-size: medium;\">https:\/\/cgilardi-cba.infd.edu.ar\/sitio\/<\/span><\/span><\/a><\/u><\/span><\/span><\/p>\n","protected":false},"excerpt":{"rendered":"<p>GACETILLA El Conservatorio Superior de M\u00fasica \u201cGilardo Gilardi\u201d de la ciudad de Bell Ville informa que se encuentran abiertas las inscripciones para el a\u00f1o lectivo 2019 en: Ciclo Art\u00edstico Vocacional Infantil De 8 a 11 a\u00f1os. Ciclo Art\u00edstico Vocacional instrumento &nbsp; &nbsp; &nbsp; &nbsp; Piano &nbsp; &nbsp; Guitarra &nbsp; &nbsp; &nbsp; &nbsp; &nbsp; Percusi\u00f3n Viol\u00edn &#8230; <a title=\"Preinscripciones 2019\" class=\"read-more\" href=\"https:\/\/cgilardi-cba.infd.edu.ar\/sitio\/preinscripciones-2019\/\" aria-label=\"More on Preinscripciones 2019\">[+]<\/a><\/p>\n","protected":false},"author":83,"featured_media":0,"comment_status":"open","ping_status":"open","sticky":false,"template":"","format":"standard","meta":[],"categories":[19],"tags":[26],"acf":[],"_links":{"self":[{"href":"https:\/\/cgilardi-cba.infd.edu.ar\/sitio\/wp-json\/wp\/v2\/posts\/1119"}],"collection":[{"href":"https:\/\/cgilardi-cba.infd.edu.ar\/sitio\/wp-json\/wp\/v2\/posts"}],"about":[{"href":"https:\/\/cgilardi-cba.infd.edu.ar\/sitio\/wp-json\/wp\/v2\/types\/post"}],"author":[{"embeddable":true,"href":"https:\/\/cgilardi-cba.infd.edu.ar\/sitio\/wp-json\/wp\/v2\/users\/83"}],"replies":[{"embeddable":true,"href":"https:\/\/cgilardi-cba.infd.edu.ar\/sitio\/wp-json\/wp\/v2\/comments?post=1119"}],"version-history":[{"count":10,"href":"https:\/\/cgilardi-cba.infd.edu.ar\/sitio\/wp-json\/wp\/v2\/posts\/1119\/revisions"}],"predecessor-version":[{"id":1139,"href":"https:\/\/cgilardi-cba.infd.edu.ar\/sitio\/wp-json\/wp\/v2\/posts\/1119\/revisions\/1139"}],"wp:attachment":[{"href":"https:\/\/cgilardi-cba.infd.edu.ar\/sitio\/wp-json\/wp\/v2\/media?parent=1119"}],"wp:term":[{"taxonomy":"category","embeddable":true,"href":"https:\/\/cgilardi-cba.infd.edu.ar\/sitio\/wp-json\/wp\/v2\/categories?post=1119"},{"taxonomy":"post_tag","embeddable":true,"href":"https:\/\/cgilardi-cba.infd.edu.ar\/sitio\/wp-json\/wp\/v2\/tags?post=1119"}],"curies":[{"name":"wp","href":"https:\/\/api.w.org\/{rel}","templated":true}]}}